{"id":1436,"date":"2021-12-07T16:07:17","date_gmt":"2021-12-07T15:07:17","guid":{"rendered":"https:\/\/www.hotel-villa-caroline.fr\/?p=1436"},"modified":"2022-12-05T18:56:47","modified_gmt":"2022-12-05T17:56:47","slug":"cycling-hiking","status":"publish","type":"post","link":"https:\/\/www.hotel-villa-caroline.fr\/en\/la-baule-and-its-region\/cycling-hiking\/","title":{"rendered":"Cycling &amp; hiking"},"content":{"rendered":"<div class=\"fusion-fullwidth fullwidth-box fusion-builder-row-1 hundred-percent-fullwidth non-hundred-percent-height-scrolling\" style=\"--awb-border-radius-top-left:0px;--awb-border-radius-top-right:0px;--awb-border-radius-bottom-right:0px;--awb-border-radius-bottom-left:0px;--awb-overflow:visible;--awb-flex-wrap:wrap;\" ><div class=\"fusion-builder-row fusion-row\"><div class=\"fusion-layout-column fusion_builder_column fusion-builder-column-0 fusion_builder_column_1_1 1_1 fusion-one-full fusion-column-first fusion-column-last fusion-column-no-min-height\" style=\"--awb-bg-size:cover;--awb-margin-bottom:0px;\"><div class=\"fusion-column-wrapper fusion-flex-column-wrapper-legacy\"><div class=\"fusion-title title fusion-title-1 fusion-title-text fusion-title-size-one\"><h1 class=\"fusion-title-heading title-heading-left\" style=\"margin:0;\">On foot or by bike, there are many kilometres of hiking trails in Gu\u00e9rande<\/h1><span class=\"awb-title-spacer\"><\/span><div class=\"title-sep-container\"><div class=\"title-sep sep-double sep-solid\" style=\"border-color:#e0dede;\"><\/div><\/div><\/div><div class=\"fusion-text fusion-text-1\"><p>Prepare good walking shoes, your cyclists and all your equipment, past the doorstep of your 3*** hotel, the paths and cycle tracks along the coast of the C\u00f4te d&#8217;Amour and the pine forests are open <a href=\"https:\/\/www.vacancesbleues.fr\/fr\/le-mag\/le-cyclotourisme-en-famille-profiter-des-vacances-pour-renouer-les-liens\" target=\"_blank\" rel=\"noopener\">to you for cycling<\/a>.<\/p>\n<\/div><div class=\"fusion-clearfix\"><\/div><\/div><\/div><div class=\"fusion-layout-column fusion_builder_column fusion-builder-column-1 fusion_builder_column_1_1 1_1 fusion-one-full fusion-column-first fusion-column-last fusion-column-no-min-height\" style=\"--awb-bg-size:cover;--awb-margin-bottom:0px;\"><div class=\"fusion-column-wrapper fusion-flex-column-wrapper-legacy\"><div class=\"fusion-title title fusion-title-2 fusion-title-text fusion-title-size-two\"><h2 class=\"fusion-title-heading title-heading-left\" style=\"margin:0;\">La Baule for walkers<\/h2><span class=\"awb-title-spacer\"><\/span><div class=\"title-sep-container\"><div class=\"title-sep sep-double sep-solid\" style=\"border-color:#e0dede;\"><\/div><\/div><\/div><div class=\"fusion-text fusion-text-2\"><p>Discover <a href=\"https:\/\/www.vacancesbleues.fr\/en\/hiking-holidays-exploring-region-different-way\" target=\"_blank\" rel=\"noopener\">magnificent walks or horse rides in Gu\u00e9rande<\/a> in the land of salt, Bri\u00e8re and the ocean!<\/p>\n<p><span style=\"text-decoration: underline\">Explore the rich and varied shores of the ocean<\/span> and the wild coastline, don&#8217;t miss the inland and the salt marshes, take time to admire these hiking trails with their thousands of landscapes, on foot or by bike. <span style=\"text-decoration: underline\">The whole family can enjoy it<\/span>. Take the opportunity to discover the Kers circuit: this 8 km walk allows you to discover the thatched cottages and the typical port of Br\u00e9ca, passing by vestiges dating from prehistory and more recent curiosities.<\/p>\n<p>Some of the walks are accessible to pushchairs, such as the tour of the coast at Le Croisic.<\/p>\n<p>Here, nature, fauna and flora are omnipresent and deserve a few photos for your personal memories or to make your friends jealous!<\/p>\n<\/div><div class=\"fusion-clearfix\"><\/div><\/div><\/div><div class=\"fusion-layout-column fusion_builder_column fusion-builder-column-2 fusion_builder_column_1_1 1_1 fusion-one-full fusion-column-first fusion-column-last fusion-column-no-min-height\" style=\"--awb-bg-size:cover;--awb-margin-bottom:0px;\"><div class=\"fusion-column-wrapper fusion-flex-column-wrapper-legacy\"><div class=\"fusion-title title fusion-title-3 fusion-title-text fusion-title-size-two\"><h2 class=\"fusion-title-heading title-heading-left\" style=\"margin:0;\">Cycle tourism in its own country<\/h2><span class=\"awb-title-spacer\"><\/span><div class=\"title-sep-container\"><div class=\"title-sep sep-double sep-solid\" style=\"border-color:#e0dede;\"><\/div><\/div><\/div><div class=\"fusion-text fusion-text-3\"><p>Lovers of cycling will be delighted to set off on <strong>a tour of Gu\u00e9rande along the cycle paths<\/strong> of the C\u00f4te d&#8217;Amour!<br \/>\nFrom the hotel, La Villa Caroline offers direct access to the V\u00e9loc\u00e9an circuit: a 7 km (45 min.) route between La Baule and the medieval town of Gu\u00e9rande. Built on an old railway line, it is <strong>an ideal way to discover the coastline during a walk in the Loire Atlantique.<\/strong><br \/>\nThere are a large number of circuits to choose from, from the easiest to the most difficult, such as the gr34 de Saint Nazaire.<\/p>\n<p>If you are not equipped, the reception of your hotel Villa Caroline will be happy to <span style=\"text-decoration: underline\">advise you of places to rent all types of equipment (VTC, mountain bikes, electric bikes and protective equipment)<\/span> before setting off on a cycle tour.<\/p>\n<\/div><div class=\"fusion-clearfix\"><\/div><\/div><\/div><\/div><\/div>\n","protected":false},"excerpt":{"rendered":"","protected":false},"author":7,"featured_media":1163,"comment_status":"open","ping_status":"open","sticky":false,"template":"","format":"standard","meta":{"_acf_changed":false,"footnotes":""},"categories":[42],"tags":[],"class_list":["post-1436","post","type-post","status-publish","format-standard","has-post-thumbnail","hentry","category-la-baule-and-its-region"],"acf":[],"yoast_head":"<!-- This site is optimized with the Yoast SEO plugin v27.1.1 - https:\/\/yoast.com\/product\/yoast-seo-wordpress\/ -->\n<title>Cycling &amp; hiking - Villa Caroline<\/title>\n<meta name=\"description\" content=\"Vivez un s\u00e9jour \u00e0 la Baule exceptionnel en parcourant les chemins du circuit &quot;V\u00e9loc\u00e9an&quot;, pour d\u00e9couvrir la r\u00e9gion gr\u00e2ce \u00e0 la cyclo randonn\u00e9e.\" \/>\n<meta name=\"robots\" content=\"index, follow, max-snippet:-1, max-image-preview:large, max-video-preview:-1\" \/>\n<link rel=\"canonical\" href=\"https:\/\/www.hotel-villa-caroline.fr\/en\/la-baule-and-its-region\/cycling-hiking\/\" \/>\n<meta property=\"og:locale\" content=\"en_US\" \/>\n<meta property=\"og:type\" content=\"article\" \/>\n<meta property=\"og:title\" content=\"Cycling &amp; hiking - Villa Caroline\" \/>\n<meta property=\"og:description\" content=\"Vivez un s\u00e9jour \u00e0 la Baule exceptionnel en parcourant les chemins du circuit &quot;V\u00e9loc\u00e9an&quot;, pour d\u00e9couvrir la r\u00e9gion gr\u00e2ce \u00e0 la cyclo randonn\u00e9e.\" \/>\n<meta property=\"og:url\" content=\"https:\/\/www.hotel-villa-caroline.fr\/en\/la-baule-and-its-region\/cycling-hiking\/\" \/>\n<meta property=\"og:site_name\" content=\"Villa Caroline\" \/>\n<meta property=\"article:published_time\" content=\"2021-12-07T15:07:17+00:00\" \/>\n<meta property=\"article:modified_time\" content=\"2022-12-05T17:56:47+00:00\" \/>\n<meta property=\"og:image\" content=\"https:\/\/www.hotel-villa-caroline.fr\/wp-content\/uploads\/sites\/20\/2021\/11\/velo-la-baule-350.jpg\" \/>\n\t<meta property=\"og:image:width\" content=\"350\" \/>\n\t<meta property=\"og:image:height\" content=\"200\" \/>\n\t<meta property=\"og:image:type\" content=\"image\/jpeg\" \/>\n<meta name=\"author\" content=\"jeandepena\" \/>\n<meta name=\"twitter:card\" content=\"summary_large_image\" \/>\n<meta name=\"twitter:label1\" content=\"Written by\" \/>\n\t<meta name=\"twitter:data1\" content=\"jeandepena\" \/>\n\t<meta name=\"twitter:label2\" content=\"Est. reading time\" \/>\n\t<meta name=\"twitter:data2\" content=\"3 minutes\" \/>\n<script type=\"application\/ld+json\" class=\"yoast-schema-graph\">{\"@context\":\"https:\/\/schema.org\",\"@graph\":[{\"@type\":\"Article\",\"@id\":\"https:\/\/www.hotel-villa-caroline.fr\/en\/la-baule-and-its-region\/cycling-hiking\/#article\",\"isPartOf\":{\"@id\":\"https:\/\/www.hotel-villa-caroline.fr\/en\/la-baule-and-its-region\/cycling-hiking\/\"},\"author\":{\"name\":\"jeandepena\",\"@id\":\"https:\/\/www.hotel-villa-caroline.fr\/#\/schema\/person\/18c49d76e04cb53bc839d47c681c41ac\"},\"headline\":\"Cycling &amp; hiking\",\"datePublished\":\"2021-12-07T15:07:17+00:00\",\"dateModified\":\"2022-12-05T17:56:47+00:00\",\"mainEntityOfPage\":{\"@id\":\"https:\/\/www.hotel-villa-caroline.fr\/en\/la-baule-and-its-region\/cycling-hiking\/\"},\"wordCount\":593,\"commentCount\":0,\"image\":{\"@id\":\"https:\/\/www.hotel-villa-caroline.fr\/en\/la-baule-and-its-region\/cycling-hiking\/#primaryimage\"},\"thumbnailUrl\":\"https:\/\/www.hotel-villa-caroline.fr\/wp-content\/uploads\/sites\/20\/2021\/11\/velo-la-baule-350.jpg\",\"articleSection\":[\"La Baule and its region\"],\"inLanguage\":\"en-US\",\"potentialAction\":[{\"@type\":\"CommentAction\",\"name\":\"Comment\",\"target\":[\"https:\/\/www.hotel-villa-caroline.fr\/en\/la-baule-and-its-region\/cycling-hiking\/#respond\"]}]},{\"@type\":\"WebPage\",\"@id\":\"https:\/\/www.hotel-villa-caroline.fr\/en\/la-baule-and-its-region\/cycling-hiking\/\",\"url\":\"https:\/\/www.hotel-villa-caroline.fr\/en\/la-baule-and-its-region\/cycling-hiking\/\",\"name\":\"Cycling &amp; hiking - Villa Caroline\",\"isPartOf\":{\"@id\":\"https:\/\/www.hotel-villa-caroline.fr\/#website\"},\"primaryImageOfPage\":{\"@id\":\"https:\/\/www.hotel-villa-caroline.fr\/en\/la-baule-and-its-region\/cycling-hiking\/#primaryimage\"},\"image\":{\"@id\":\"https:\/\/www.hotel-villa-caroline.fr\/en\/la-baule-and-its-region\/cycling-hiking\/#primaryimage\"},\"thumbnailUrl\":\"https:\/\/www.hotel-villa-caroline.fr\/wp-content\/uploads\/sites\/20\/2021\/11\/velo-la-baule-350.jpg\",\"datePublished\":\"2021-12-07T15:07:17+00:00\",\"dateModified\":\"2022-12-05T17:56:47+00:00\",\"author\":{\"@id\":\"https:\/\/www.hotel-villa-caroline.fr\/#\/schema\/person\/18c49d76e04cb53bc839d47c681c41ac\"},\"description\":\"Vivez un s\u00e9jour \u00e0 la Baule exceptionnel en parcourant les chemins du circuit \\\"V\u00e9loc\u00e9an\\\", pour d\u00e9couvrir la r\u00e9gion gr\u00e2ce \u00e0 la cyclo randonn\u00e9e.\",\"breadcrumb\":{\"@id\":\"https:\/\/www.hotel-villa-caroline.fr\/en\/la-baule-and-its-region\/cycling-hiking\/#breadcrumb\"},\"inLanguage\":\"en-US\",\"potentialAction\":[{\"@type\":\"ReadAction\",\"target\":[\"https:\/\/www.hotel-villa-caroline.fr\/en\/la-baule-and-its-region\/cycling-hiking\/\"]}]},{\"@type\":\"ImageObject\",\"inLanguage\":\"en-US\",\"@id\":\"https:\/\/www.hotel-villa-caroline.fr\/en\/la-baule-and-its-region\/cycling-hiking\/#primaryimage\",\"url\":\"https:\/\/www.hotel-villa-caroline.fr\/wp-content\/uploads\/sites\/20\/2021\/11\/velo-la-baule-350.jpg\",\"contentUrl\":\"https:\/\/www.hotel-villa-caroline.fr\/wp-content\/uploads\/sites\/20\/2021\/11\/velo-la-baule-350.jpg\",\"width\":350,\"height\":200},{\"@type\":\"BreadcrumbList\",\"@id\":\"https:\/\/www.hotel-villa-caroline.fr\/en\/la-baule-and-its-region\/cycling-hiking\/#breadcrumb\",\"itemListElement\":[{\"@type\":\"ListItem\",\"position\":1,\"name\":\"Accueil\",\"item\":\"https:\/\/www.hotel-villa-caroline.fr\/en\/\"},{\"@type\":\"ListItem\",\"position\":2,\"name\":\"Cycling &amp; hiking\"}]},{\"@type\":\"WebSite\",\"@id\":\"https:\/\/www.hotel-villa-caroline.fr\/#website\",\"url\":\"https:\/\/www.hotel-villa-caroline.fr\/\",\"name\":\"Villa Caroline\",\"description\":\"\",\"potentialAction\":[{\"@type\":\"SearchAction\",\"target\":{\"@type\":\"EntryPoint\",\"urlTemplate\":\"https:\/\/www.hotel-villa-caroline.fr\/?s={search_term_string}\"},\"query-input\":{\"@type\":\"PropertyValueSpecification\",\"valueRequired\":true,\"valueName\":\"search_term_string\"}}],\"inLanguage\":\"en-US\"},{\"@type\":\"Person\",\"@id\":\"https:\/\/www.hotel-villa-caroline.fr\/#\/schema\/person\/18c49d76e04cb53bc839d47c681c41ac\",\"name\":\"jeandepena\",\"image\":{\"@type\":\"ImageObject\",\"inLanguage\":\"en-US\",\"@id\":\"https:\/\/www.hotel-villa-caroline.fr\/#\/schema\/person\/image\/\",\"url\":\"https:\/\/secure.gravatar.com\/avatar\/51e61cd3e9a00a6345de753c324fc40502fa0692cf5fa3306298f7d4a9d287c8?s=96&d=mm&r=g\",\"contentUrl\":\"https:\/\/secure.gravatar.com\/avatar\/51e61cd3e9a00a6345de753c324fc40502fa0692cf5fa3306298f7d4a9d287c8?s=96&d=mm&r=g\",\"caption\":\"jeandepena\"}}]}<\/script>\n<!-- \/ Yoast SEO plugin. -->","yoast_head_json":{"title":"Cycling &amp; hiking - Villa Caroline","description":"Vivez un s\u00e9jour \u00e0 la Baule exceptionnel en parcourant les chemins du circuit \"V\u00e9loc\u00e9an\", pour d\u00e9couvrir la r\u00e9gion gr\u00e2ce \u00e0 la cyclo randonn\u00e9e.","robots":{"index":"index","follow":"follow","max-snippet":"max-snippet:-1","max-image-preview":"max-image-preview:large","max-video-preview":"max-video-preview:-1"},"canonical":"https:\/\/www.hotel-villa-caroline.fr\/en\/la-baule-and-its-region\/cycling-hiking\/","og_locale":"en_US","og_type":"article","og_title":"Cycling &amp; hiking - Villa Caroline","og_description":"Vivez un s\u00e9jour \u00e0 la Baule exceptionnel en parcourant les chemins du circuit \"V\u00e9loc\u00e9an\", pour d\u00e9couvrir la r\u00e9gion gr\u00e2ce \u00e0 la cyclo randonn\u00e9e.","og_url":"https:\/\/www.hotel-villa-caroline.fr\/en\/la-baule-and-its-region\/cycling-hiking\/","og_site_name":"Villa Caroline","article_published_time":"2021-12-07T15:07:17+00:00","article_modified_time":"2022-12-05T17:56:47+00:00","og_image":[{"width":350,"height":200,"url":"https:\/\/www.hotel-villa-caroline.fr\/wp-content\/uploads\/sites\/20\/2021\/11\/velo-la-baule-350.jpg","type":"image\/jpeg"}],"author":"jeandepena","twitter_card":"summary_large_image","twitter_misc":{"Written by":"jeandepena","Est. reading time":"3 minutes"},"schema":{"@context":"https:\/\/schema.org","@graph":[{"@type":"Article","@id":"https:\/\/www.hotel-villa-caroline.fr\/en\/la-baule-and-its-region\/cycling-hiking\/#article","isPartOf":{"@id":"https:\/\/www.hotel-villa-caroline.fr\/en\/la-baule-and-its-region\/cycling-hiking\/"},"author":{"name":"jeandepena","@id":"https:\/\/www.hotel-villa-caroline.fr\/#\/schema\/person\/18c49d76e04cb53bc839d47c681c41ac"},"headline":"Cycling &amp; hiking","datePublished":"2021-12-07T15:07:17+00:00","dateModified":"2022-12-05T17:56:47+00:00","mainEntityOfPage":{"@id":"https:\/\/www.hotel-villa-caroline.fr\/en\/la-baule-and-its-region\/cycling-hiking\/"},"wordCount":593,"commentCount":0,"image":{"@id":"https:\/\/www.hotel-villa-caroline.fr\/en\/la-baule-and-its-region\/cycling-hiking\/#primaryimage"},"thumbnailUrl":"https:\/\/www.hotel-villa-caroline.fr\/wp-content\/uploads\/sites\/20\/2021\/11\/velo-la-baule-350.jpg","articleSection":["La Baule and its region"],"inLanguage":"en-US","potentialAction":[{"@type":"CommentAction","name":"Comment","target":["https:\/\/www.hotel-villa-caroline.fr\/en\/la-baule-and-its-region\/cycling-hiking\/#respond"]}]},{"@type":"WebPage","@id":"https:\/\/www.hotel-villa-caroline.fr\/en\/la-baule-and-its-region\/cycling-hiking\/","url":"https:\/\/www.hotel-villa-caroline.fr\/en\/la-baule-and-its-region\/cycling-hiking\/","name":"Cycling &amp; hiking - Villa Caroline","isPartOf":{"@id":"https:\/\/www.hotel-villa-caroline.fr\/#website"},"primaryImageOfPage":{"@id":"https:\/\/www.hotel-villa-caroline.fr\/en\/la-baule-and-its-region\/cycling-hiking\/#primaryimage"},"image":{"@id":"https:\/\/www.hotel-villa-caroline.fr\/en\/la-baule-and-its-region\/cycling-hiking\/#primaryimage"},"thumbnailUrl":"https:\/\/www.hotel-villa-caroline.fr\/wp-content\/uploads\/sites\/20\/2021\/11\/velo-la-baule-350.jpg","datePublished":"2021-12-07T15:07:17+00:00","dateModified":"2022-12-05T17:56:47+00:00","author":{"@id":"https:\/\/www.hotel-villa-caroline.fr\/#\/schema\/person\/18c49d76e04cb53bc839d47c681c41ac"},"description":"Vivez un s\u00e9jour \u00e0 la Baule exceptionnel en parcourant les chemins du circuit \"V\u00e9loc\u00e9an\", pour d\u00e9couvrir la r\u00e9gion gr\u00e2ce \u00e0 la cyclo randonn\u00e9e.","breadcrumb":{"@id":"https:\/\/www.hotel-villa-caroline.fr\/en\/la-baule-and-its-region\/cycling-hiking\/#breadcrumb"},"inLanguage":"en-US","potentialAction":[{"@type":"ReadAction","target":["https:\/\/www.hotel-villa-caroline.fr\/en\/la-baule-and-its-region\/cycling-hiking\/"]}]},{"@type":"ImageObject","inLanguage":"en-US","@id":"https:\/\/www.hotel-villa-caroline.fr\/en\/la-baule-and-its-region\/cycling-hiking\/#primaryimage","url":"https:\/\/www.hotel-villa-caroline.fr\/wp-content\/uploads\/sites\/20\/2021\/11\/velo-la-baule-350.jpg","contentUrl":"https:\/\/www.hotel-villa-caroline.fr\/wp-content\/uploads\/sites\/20\/2021\/11\/velo-la-baule-350.jpg","width":350,"height":200},{"@type":"BreadcrumbList","@id":"https:\/\/www.hotel-villa-caroline.fr\/en\/la-baule-and-its-region\/cycling-hiking\/#breadcrumb","itemListElement":[{"@type":"ListItem","position":1,"name":"Accueil","item":"https:\/\/www.hotel-villa-caroline.fr\/en\/"},{"@type":"ListItem","position":2,"name":"Cycling &amp; hiking"}]},{"@type":"WebSite","@id":"https:\/\/www.hotel-villa-caroline.fr\/#website","url":"https:\/\/www.hotel-villa-caroline.fr\/","name":"Villa Caroline","description":"","potentialAction":[{"@type":"SearchAction","target":{"@type":"EntryPoint","urlTemplate":"https:\/\/www.hotel-villa-caroline.fr\/?s={search_term_string}"},"query-input":{"@type":"PropertyValueSpecification","valueRequired":true,"valueName":"search_term_string"}}],"inLanguage":"en-US"},{"@type":"Person","@id":"https:\/\/www.hotel-villa-caroline.fr\/#\/schema\/person\/18c49d76e04cb53bc839d47c681c41ac","name":"jeandepena","image":{"@type":"ImageObject","inLanguage":"en-US","@id":"https:\/\/www.hotel-villa-caroline.fr\/#\/schema\/person\/image\/","url":"https:\/\/secure.gravatar.com\/avatar\/51e61cd3e9a00a6345de753c324fc40502fa0692cf5fa3306298f7d4a9d287c8?s=96&d=mm&r=g","contentUrl":"https:\/\/secure.gravatar.com\/avatar\/51e61cd3e9a00a6345de753c324fc40502fa0692cf5fa3306298f7d4a9d287c8?s=96&d=mm&r=g","caption":"jeandepena"}}]}},"_links":{"self":[{"href":"https:\/\/www.hotel-villa-caroline.fr\/en\/wp-json\/wp\/v2\/posts\/1436","targetHints":{"allow":["GET"]}}],"collection":[{"href":"https:\/\/www.hotel-villa-caroline.fr\/en\/wp-json\/wp\/v2\/posts"}],"about":[{"href":"https:\/\/www.hotel-villa-caroline.fr\/en\/wp-json\/wp\/v2\/types\/post"}],"author":[{"embeddable":true,"href":"https:\/\/www.hotel-villa-caroline.fr\/en\/wp-json\/wp\/v2\/users\/7"}],"replies":[{"embeddable":true,"href":"https:\/\/www.hotel-villa-caroline.fr\/en\/wp-json\/wp\/v2\/comments?post=1436"}],"version-history":[{"count":3,"href":"https:\/\/www.hotel-villa-caroline.fr\/en\/wp-json\/wp\/v2\/posts\/1436\/revisions"}],"predecessor-version":[{"id":1529,"href":"https:\/\/www.hotel-villa-caroline.fr\/en\/wp-json\/wp\/v2\/posts\/1436\/revisions\/1529"}],"wp:featuredmedia":[{"embeddable":true,"href":"https:\/\/www.hotel-villa-caroline.fr\/en\/wp-json\/wp\/v2\/media\/1163"}],"wp:attachment":[{"href":"https:\/\/www.hotel-villa-caroline.fr\/en\/wp-json\/wp\/v2\/media?parent=1436"}],"wp:term":[{"taxonomy":"category","embeddable":true,"href":"https:\/\/www.hotel-villa-caroline.fr\/en\/wp-json\/wp\/v2\/categories?post=1436"},{"taxonomy":"post_tag","embeddable":true,"href":"https:\/\/www.hotel-villa-caroline.fr\/en\/wp-json\/wp\/v2\/tags?post=1436"}],"curies":[{"name":"wp","href":"https:\/\/api.w.org\/{rel}","templated":true}]}}